{"id":458,"date":"2023-11-26T11:52:05","date_gmt":"2023-11-26T09:52:05","guid":{"rendered":"https:\/\/jokelanomakotiyhdistys.fi\/?p=458"},"modified":"2023-11-26T11:52:06","modified_gmt":"2023-11-26T09:52:06","slug":"hallitus-ja-toimihenkilot","status":"publish","type":"post","link":"https:\/\/jokelanomakotiyhdistys.fi\/?p=458","title":{"rendered":"Hallitus ja toimihenkil\u00f6t"},"content":{"rendered":"\n<p>Hallitus kokoontui 22.11.2023 j\u00e4rjest\u00e4ytymiskokoukseen, jossa tehtiin seuraavat valinnat toimihenkil\u00f6iden osalta:<\/p>\n<table style=\"border-collapse: collapse; width: 100%; height: 221px;\">\n<tbody>\n<tr style=\"height: 20px;\">\n<td style=\"width: 50%; height: 20px;\">Raimo Kosonen<\/td>\n<td style=\"width: 50%; height: 20px;\">Tilinhoitaja, varapuheenjohtaja<\/td>\n<\/tr>\n<tr style=\"height: 20px;\">\n<td style=\"width: 50%; height: 20px;\">Elina Kolehmainen<\/td>\n<td style=\"width: 50%; height: 20px;\">Sihteeri<\/td>\n<\/tr>\n<tr style=\"height: 20px;\">\n<td style=\"width: 50%; height: 20px;\">Jan Enlund<\/td>\n<td style=\"width: 50%; height: 20px;\">Nettivastaava<\/td>\n<\/tr>\n<tr style=\"height: 41px;\">\n<td style=\"width: 50%; height: 41px;\">Elina Kolehmainen, Jan Enlund, Tiina Remes<\/td>\n<td style=\"width: 50%; height: 41px;\">Facebook-vastaava<\/td>\n<\/tr>\n<tr style=\"height: 20px;\">\n<td style=\"width: 50%; height: 20px;\">Tomas Nylund (hallituksen ulkopuolinen j\u00e4sen)<\/td>\n<td style=\"width: 50%; height: 20px;\">Lainapalveluvastaava<\/td>\n<\/tr>\n<\/tbody>\n<\/table>\n\n\n\n\n\n<p>Lis\u00e4ksi hallitus toivoo, ett\u00e4 j\u00e4senemme olisi hallituskaudella aktiivisia ja toisivat k\u00e4sitelt\u00e4v\u00e4ksi erilaisia ajatuksia, ideoit ja aloitteita. Hallitus tulee tiedottamaan kokouksistaan nettisivuilla sek\u00e4 Facebookissa, jotta olisi mahdollisimman pieni kynnys tuoda asioita k\u00e4sittelyyn.<br \/>Hallitukselle voi l\u00e4hett\u00e4\u00e4 s\u00e4hk\u00f6postia osoitteella hallitus(at)jokelanomakotiyhdistys.fi<\/p>\n<p>\u00a0<\/p>\n","protected":false},"excerpt":{"rendered":"","protected":false},"author":2,"featured_media":0,"comment_status":"closed","ping_status":"closed","sticky":false,"template":"","format":"standard","meta":{"footnotes":""},"categories":[146,4,86],"tags":[5,40,20,7],"class_list":["post-458","post","type-post","status-publish","format-standard","hentry","category-146","category-hallitus","category-syyskokous","tag-hallitus","tag-jasentiedote","tag-kokous","tag-tiedote"],"_links":{"self":[{"href":"https:\/\/jokelanomakotiyhdistys.fi\/index.php?rest_route=\/wp\/v2\/posts\/458","targetHints":{"allow":["GET"]}}],"collection":[{"href":"https:\/\/jokelanomakotiyhdistys.fi\/index.php?rest_route=\/wp\/v2\/posts"}],"about":[{"href":"https:\/\/jokelanomakotiyhdistys.fi\/index.php?rest_route=\/wp\/v2\/types\/post"}],"author":[{"embeddable":true,"href":"https:\/\/jokelanomakotiyhdistys.fi\/index.php?rest_route=\/wp\/v2\/users\/2"}],"replies":[{"embeddable":true,"href":"https:\/\/jokelanomakotiyhdistys.fi\/index.php?rest_route=%2Fwp%2Fv2%2Fcomments&post=458"}],"version-history":[{"count":1,"href":"https:\/\/jokelanomakotiyhdistys.fi\/index.php?rest_route=\/wp\/v2\/posts\/458\/revisions"}],"predecessor-version":[{"id":459,"href":"https:\/\/jokelanomakotiyhdistys.fi\/index.php?rest_route=\/wp\/v2\/posts\/458\/revisions\/459"}],"wp:attachment":[{"href":"https:\/\/jokelanomakotiyhdistys.fi\/index.php?rest_route=%2Fwp%2Fv2%2Fmedia&parent=458"}],"wp:term":[{"taxonomy":"category","embeddable":true,"href":"https:\/\/jokelanomakotiyhdistys.fi\/index.php?rest_route=%2Fwp%2Fv2%2Fcategories&post=458"},{"taxonomy":"post_tag","embeddable":true,"href":"https:\/\/jokelanomakotiyhdistys.fi\/index.php?rest_route=%2Fwp%2Fv2%2Ftags&post=458"}],"curies":[{"name":"wp","href":"https:\/\/api.w.org\/{rel}","templated":true}]}}